{"id":1548,"date":"2020-09-30T15:55:33","date_gmt":"2020-09-30T15:55:33","guid":{"rendered":"https:\/\/www.hcbfoxesacademy.org\/?p=1548"},"modified":"2020-09-30T15:55:33","modified_gmt":"2020-09-30T15:55:33","slug":"la-neonata-hc-bolzano-trento-pronta-a-partire-nel-campionato-di-ihl-division-1","status":"publish","type":"post","link":"https:\/\/www.hcbfoxesacademy.org\/it\/la-neonata-hc-bolzano-trento-pronta-a-partire-nel-campionato-di-ihl-division-1\/","title":{"rendered":"La neonata HC Bolzano-Trento pronta a partire nel campionato di IHL Division 1"},"content":{"rendered":"<p>Mancano mai pochi giorni all\u2019inizio di una nuova avventura. L\u2019HC Bolzano-Trento, squadra nata da una collaborazione tra HCB Foxes Academy e Hockey Club Trento, \u00e8 ai blocchi di partenza del campionato di IHL Division 1. La compagine \u201cunica\u201d \u00e8 iscritta anche al campionato di U19.<\/p>\n<p>La truppa guidata da coach Fabio Larcher far\u00e0 il suo esordio sabato 3 ottobre, alle ore 20:30, sul campo dell\u2019HC Pin\u00e8. \u201cHome opener\u201d al Palaonda invece previsto per venerd\u00ec 9 ottobre, alle 20:15, con il derby altoatesino contro l\u2019AHC Vinschgau Eisfix.<\/p>\n<p>Larcher \u00e8 un volto noto dell\u2019hockey altoatesino. Nella sua carriera da allenatore ha guidato le giovanili dell\u2019HCB Foxes Junior per 6 anni, vincendo con l\u2019U16 l\u2019ultimo titolo italiano junior per le giovani volpi. Tra le sue esperienze anche l\u2019U16 del Laives, l\u2019U17 e la Serie C del Trento, l\u2019U15 e l\u2019U17 dell\u2019Appiano e la Serie A femminile con le Lakers. Negli ultimi anni ha rivestito il ruolo di commentatore tecnico delle Hockey Nights su Video33: \u201cSiamo sul ghiaccio da oltre un mese e fin qui ho avuto segnali molto positivi \u2013 spiega Larcher \u2013 abbiamo una squadra giovane, arricchita da alcuni \u201csenatori\u201d d\u2019esperienza che possono sicuramente essere d\u2019aiuto non solo in termini di punti e carattere, ma anche come guide per le nuove leve. Sar\u00e0 importante creare presto il giusto amalgama: dai miei ragazzi chiedo sempre il 110%, dobbiamo essere una formazione grintosa e difficile da affrontare\u201d.<\/p>\n<p>Tanti i giovani che compongono il roster dell\u2019HC Bolzano-Trento, ma anche alcune \u201ccolonne\u201d di spessore. Tra queste il capitano, Alex Tava: l&#8217;attaccante bolzanino ha giocato le ultime tre stagioni a Chiavenna, dove in 68 partite ha messo a segno ben 110 punti. Cresciuto nelle giovanili dell&#8217;HCB, Tava nella sua carriera ha vestito la maglia di HCB Foxes Junior, EC Bozen, Pergina, Egna e Ritten Junior.<\/p>\n<p>Un altro grande nome \u00e8 quello di Denny Deanesi. Il 27enne attaccante trentino porta con s\u00e9 un curriculum di tutto rispetto: nella sua carriera ha giocato con le maglie delle prime squadre di Trento, Pergine e Caldaro, prima di fare il salto di qualit\u00e0 e approdare nel 2015 all\u2019HC Bolzano, registrando un totale di 63 presenze in EBEL. Nelle due stagioni successive si \u00e8 poi accasato ai Wipptal Broncos Weihenstephan, in Alps Hockey League, mettendo a segno 45 punti in 67 partite. Nel 2018 tenta poi l&#8217;esperienza all&#8217;estero, in Svezia, con il Tyringe e il Trollh\u00e4ttans. Oggi ha deciso di rimettersi in gioco, ripartendo con i colori dell\u2019HC Bolzano-Trento nella IHL Division 1.<\/p>\n<p>\u201cIl progetto \u00e8 nato per formare una squadra competitiva, che possa concorrere per la vittoria del campionato \u2013 cos\u00ec la presidentessa di HCB Foxes Academy, Manuela Carrucciu \u2013 con Trento abbiamo trovato una realt\u00e0 giovane e volenterosa, con tanti giovani di prospettiva: sono sicura che la sinergia che abbiamo stretto dar\u00e0 una spinta interessante all\u2019hockey in provincia e in regione, con l\u2019obiettivo di diventare una fucina di talenti per la prima squadra della ICE Hockey League\u201d.<\/p>\n<p>\u201cSiamo entusiasti di quanto abbiamo intrapreso \u2013 afferma il presidente dell\u2019HC Trento, Maurizio Riganti \u2013 stiamo lasciando lavorare lo staff tecnico con la massima serenit\u00e0 e i primi segnali sono estremamente positivi. Questo vuole essere un progetto a medio-lungo termine, fattore importante nella troppo frequente discontinuit\u00e0 dell\u2019hockey italiano: il nostro scopo \u00e8 sicuramente quello di fare bene a livello di risultati, ma vogliamo soprattutto far crescere pi\u00f9 giocatori possibile e far fare loro il salto di qualit\u00e0. E\u2019 un periodo difficile per tutti, ma lavoriamo con entusiasmo: gli ingredienti buoni ci sono, la volont\u00e0 anche, le prospettive non possono che essere buone\u201d.<\/p>\n<p>&nbsp;<\/p>\n<p>Di seguito il roster dell\u2019HC Bolzano\/Trento:<\/p>\n<p><strong>Portieri<\/strong><br \/>\n22 TREIBENREIF ROMAN<br \/>\n35 TAVA MATTIA<br \/>\n1 GUERESI MICHELE<\/p>\n<p><strong>Difensori<br \/>\n<\/strong>17 SPIMPOLO DANIEL <strong><br \/>\n<\/strong>92 QUIRINI ALEX &#8211; &#8220;A&#8221; <strong><br \/>\n<\/strong>13 SCELFO LORENZO <strong><br \/>\n<\/strong>72 MANARA FRANCESCO <strong><br \/>\n<\/strong>4 ROCCO MATTIA <strong><br \/>\n<\/strong>5 ZANDONA FABRIZIO <strong><br \/>\n<\/strong>33 DORIGONI SAMUEL<strong><br \/>\n<\/strong>94 BEDIN NIKOLAS JOSEF <strong><br \/>\n<\/strong>58 MICALI MATTIA <strong><br \/>\n<\/strong>21 VALENTINI EMLIANO<strong><br \/>\n<\/strong>6 GIULIANI FRANCESCO <strong><br \/>\n<\/strong>15 CRIVELLARI FILIPPO<strong>\u00a0<\/strong><\/p>\n<p><strong>Attaccanti<br \/>\n<\/strong>39 TAVA ALEX &#8211; &#8220;C&#8221;<strong><br \/>\n<\/strong>7 DEANESI DENNY &#8211; &#8220;A&#8221; <strong><br \/>\n<\/strong>71 WIDMANN PAOLO <strong><br \/>\n<\/strong>24 QUINZ MIRKO <strong><br \/>\n<\/strong>91 WENTER BJOERN <strong><br \/>\n<\/strong>9 CEREGHINI NICOLA <strong><br \/>\n<\/strong>55 FLESSATI DAMIANO <strong><br \/>\n<\/strong>44 BIANCHINI LUCA<strong><br \/>\n<\/strong>77 GHERARDI DENNIS <strong><br \/>\n<\/strong>42 CASTLUNGER MATTHIAS <strong><br \/>\n<\/strong>19 ZILIANI MASSIMO <strong><br \/>\n<\/strong>8 GUERESI MATTEO <strong><br \/>\n<\/strong>59 DECRISTOFARO MATTEO <strong><br \/>\n<\/strong>86 BATTISTI FEDERICO <strong><br \/>\n<\/strong>3 DENTI FRANCESCO CARLO <strong><br \/>\n<\/strong>2 BOTTARO FRANCESCO <strong><br \/>\n<\/strong>10 TOSI ELIA<\/p>\n","protected":false},"excerpt":{"rendered":"<p>Mancano mai pochi giorni all\u2019inizio di una nuova avventura. L\u2019HC Bolzano-Trento, squadra nata da una collaborazione tra HCB Foxes Academy e Hockey Club Trento, \u00e8 ai blocchi di partenza del campionato di IHL Division 1. La compagine \u201cunica\u201d \u00e8 iscritta anche al campionato di U19. La truppa guidata da coach Fabio Larcher far\u00e0 il suo [&hellip;]<\/p>\n","protected":false},"author":2,"featured_media":1549,"comment_status":"closed","ping_status":"closed","sticky":false,"template":"","format":"standard","meta":{"_acf_changed":false,"footnotes":""},"categories":[1],"tags":[],"acf":[],"yoast_head":"<!-- This site is optimized with the Yoast SEO plugin v22.5 - https:\/\/yoast.com\/wordpress\/plugins\/seo\/ -->\n<title>La neonata HC Bolzano-Trento pronta a partire nel campionato di IHL Division 1 - HCB Foxes Academy<\/title>\n<meta name=\"robots\" content=\"index, follow, max-snippet:-1, max-image-preview:large, max-video-preview:-1\" \/>\n<link rel=\"canonical\" href=\"https:\/\/www.hcbfoxesacademy.org\/it\/la-neonata-hc-bolzano-trento-pronta-a-partire-nel-campionato-di-ihl-division-1\/\" \/>\n<meta property=\"og:locale\" content=\"it_IT\" \/>\n<meta property=\"og:type\" content=\"article\" \/>\n<meta property=\"og:title\" content=\"La neonata HC Bolzano-Trento pronta a partire nel campionato di IHL Division 1 - HCB Foxes Academy\" \/>\n<meta property=\"og:description\" content=\"Mancano mai pochi giorni all\u2019inizio di una nuova avventura. L\u2019HC Bolzano-Trento, squadra nata da una collaborazione tra HCB Foxes Academy e Hockey Club Trento, \u00e8 ai blocchi di partenza del campionato di IHL Division 1. La compagine \u201cunica\u201d \u00e8 iscritta anche al campionato di U19. La truppa guidata da coach Fabio Larcher far\u00e0 il suo [&hellip;]\" \/>\n<meta property=\"og:url\" content=\"https:\/\/www.hcbfoxesacademy.org\/it\/la-neonata-hc-bolzano-trento-pronta-a-partire-nel-campionato-di-ihl-division-1\/\" \/>\n<meta property=\"og:site_name\" content=\"HCB Foxes Academy\" \/>\n<meta property=\"article:published_time\" content=\"2020-09-30T15:55:33+00:00\" \/>\n<meta property=\"og:image\" content=\"https:\/\/www.hcbfoxesacademy.org\/wp-content\/uploads\/2020\/09\/dsc02741-scaled.jpg\" \/>\n\t<meta property=\"og:image:width\" content=\"2560\" \/>\n\t<meta property=\"og:image:height\" content=\"1707\" \/>\n\t<meta property=\"og:image:type\" content=\"image\/jpeg\" \/>\n<meta name=\"author\" content=\"Luca Tommasini\" \/>\n<meta name=\"twitter:card\" content=\"summary_large_image\" \/>\n<meta name=\"twitter:label1\" content=\"Written by\" \/>\n\t<meta name=\"twitter:data1\" content=\"Luca Tommasini\" \/>\n\t<meta name=\"twitter:label2\" content=\"Est. reading time\" \/>\n\t<meta name=\"twitter:data2\" content=\"3 minutes\" \/>\n<script type=\"application\/ld+json\" class=\"yoast-schema-graph\">{\"@context\":\"https:\/\/schema.org\",\"@graph\":[{\"@type\":\"Article\",\"@id\":\"https:\/\/www.hcbfoxesacademy.org\/it\/la-neonata-hc-bolzano-trento-pronta-a-partire-nel-campionato-di-ihl-division-1\/#article\",\"isPartOf\":{\"@id\":\"https:\/\/www.hcbfoxesacademy.org\/it\/la-neonata-hc-bolzano-trento-pronta-a-partire-nel-campionato-di-ihl-division-1\/\"},\"author\":{\"name\":\"Luca Tommasini\",\"@id\":\"https:\/\/www.hcbfoxesacademy.org\/it\/#\/schema\/person\/3a074ac163406f25c6ac99370750d2c2\"},\"headline\":\"La neonata HC Bolzano-Trento pronta a partire nel campionato di IHL Division 1\",\"datePublished\":\"2020-09-30T15:55:33+00:00\",\"dateModified\":\"2020-09-30T15:55:33+00:00\",\"mainEntityOfPage\":{\"@id\":\"https:\/\/www.hcbfoxesacademy.org\/it\/la-neonata-hc-bolzano-trento-pronta-a-partire-nel-campionato-di-ihl-division-1\/\"},\"wordCount\":684,\"publisher\":{\"@id\":\"https:\/\/www.hcbfoxesacademy.org\/it\/#organization\"},\"image\":{\"@id\":\"https:\/\/www.hcbfoxesacademy.org\/it\/la-neonata-hc-bolzano-trento-pronta-a-partire-nel-campionato-di-ihl-division-1\/#primaryimage\"},\"thumbnailUrl\":\"https:\/\/img.wunderfarm.cloud\/134880438c3d4d5e\/2020\/09\/1549\/c\/fit-in\/0x0\/filters:no_upscale()\/filters:strip_exif()\/dsc02741-scaled.jpg\",\"articleSection\":[\"Non categorizzato\"],\"inLanguage\":\"it-IT\"},{\"@type\":\"WebPage\",\"@id\":\"https:\/\/www.hcbfoxesacademy.org\/it\/la-neonata-hc-bolzano-trento-pronta-a-partire-nel-campionato-di-ihl-division-1\/\",\"url\":\"https:\/\/www.hcbfoxesacademy.org\/it\/la-neonata-hc-bolzano-trento-pronta-a-partire-nel-campionato-di-ihl-division-1\/\",\"name\":\"La neonata HC Bolzano-Trento pronta a partire nel campionato di IHL Division 1 - HCB Foxes Academy\",\"isPartOf\":{\"@id\":\"https:\/\/www.hcbfoxesacademy.org\/it\/#website\"},\"primaryImageOfPage\":{\"@id\":\"https:\/\/www.hcbfoxesacademy.org\/it\/la-neonata-hc-bolzano-trento-pronta-a-partire-nel-campionato-di-ihl-division-1\/#primaryimage\"},\"image\":{\"@id\":\"https:\/\/www.hcbfoxesacademy.org\/it\/la-neonata-hc-bolzano-trento-pronta-a-partire-nel-campionato-di-ihl-division-1\/#primaryimage\"},\"thumbnailUrl\":\"https:\/\/img.wunderfarm.cloud\/134880438c3d4d5e\/2020\/09\/1549\/c\/fit-in\/0x0\/filters:no_upscale()\/filters:strip_exif()\/dsc02741-scaled.jpg\",\"datePublished\":\"2020-09-30T15:55:33+00:00\",\"dateModified\":\"2020-09-30T15:55:33+00:00\",\"breadcrumb\":{\"@id\":\"https:\/\/www.hcbfoxesacademy.org\/it\/la-neonata-hc-bolzano-trento-pronta-a-partire-nel-campionato-di-ihl-division-1\/#breadcrumb\"},\"inLanguage\":\"it-IT\",\"potentialAction\":[{\"@type\":\"ReadAction\",\"target\":[\"https:\/\/www.hcbfoxesacademy.org\/it\/la-neonata-hc-bolzano-trento-pronta-a-partire-nel-campionato-di-ihl-division-1\/\"]}]},{\"@type\":\"ImageObject\",\"inLanguage\":\"it-IT\",\"@id\":\"https:\/\/www.hcbfoxesacademy.org\/it\/la-neonata-hc-bolzano-trento-pronta-a-partire-nel-campionato-di-ihl-division-1\/#primaryimage\",\"url\":\"https:\/\/img.wunderfarm.cloud\/134880438c3d4d5e\/2020\/09\/1549\/c\/fit-in\/0x0\/filters:no_upscale()\/filters:strip_exif()\/dsc02741-scaled.jpg\",\"contentUrl\":\"https:\/\/img.wunderfarm.cloud\/134880438c3d4d5e\/2020\/09\/1549\/c\/fit-in\/0x0\/filters:no_upscale()\/filters:strip_exif()\/dsc02741-scaled.jpg\",\"width\":2560,\"height\":1707},{\"@type\":\"BreadcrumbList\",\"@id\":\"https:\/\/www.hcbfoxesacademy.org\/it\/la-neonata-hc-bolzano-trento-pronta-a-partire-nel-campionato-di-ihl-division-1\/#breadcrumb\",\"itemListElement\":[{\"@type\":\"ListItem\",\"position\":1,\"name\":\"Home\",\"item\":\"https:\/\/www.hcbfoxesacademy.org\/it\/\"},{\"@type\":\"ListItem\",\"position\":2,\"name\":\"La neonata HC Bolzano-Trento pronta a partire nel campionato di IHL Division 1\"}]},{\"@type\":\"WebSite\",\"@id\":\"https:\/\/www.hcbfoxesacademy.org\/it\/#website\",\"url\":\"https:\/\/www.hcbfoxesacademy.org\/it\/\",\"name\":\"HCB Foxes Academy\",\"description\":\"HCB foxes academy\",\"publisher\":{\"@id\":\"https:\/\/www.hcbfoxesacademy.org\/it\/#organization\"},\"potentialAction\":[{\"@type\":\"SearchAction\",\"target\":{\"@type\":\"EntryPoint\",\"urlTemplate\":\"https:\/\/www.hcbfoxesacademy.org\/it\/?s={search_term_string}\"},\"query-input\":\"required name=search_term_string\"}],\"inLanguage\":\"it-IT\"},{\"@type\":\"Organization\",\"@id\":\"https:\/\/www.hcbfoxesacademy.org\/it\/#organization\",\"name\":\"HCB Foxes Academy\",\"url\":\"https:\/\/www.hcbfoxesacademy.org\/it\/\",\"logo\":{\"@type\":\"ImageObject\",\"inLanguage\":\"it-IT\",\"@id\":\"https:\/\/www.hcbfoxesacademy.org\/it\/#\/schema\/logo\/image\/\",\"url\":\"https:\/\/img.wunderfarm.cloud\/134880438c3d4d5e\/2019\/08\/13\/c\/0x0\/filters:no_upscale()\/filters:strip_exif()\/logo-academy-2019.svg\",\"contentUrl\":\"https:\/\/img.wunderfarm.cloud\/134880438c3d4d5e\/2019\/08\/13\/c\/0x0\/filters:no_upscale()\/filters:strip_exif()\/logo-academy-2019.svg\",\"caption\":\"HCB Foxes Academy\"},\"image\":{\"@id\":\"https:\/\/www.hcbfoxesacademy.org\/it\/#\/schema\/logo\/image\/\"}},{\"@type\":\"Person\",\"@id\":\"https:\/\/www.hcbfoxesacademy.org\/it\/#\/schema\/person\/3a074ac163406f25c6ac99370750d2c2\",\"name\":\"Luca Tommasini\",\"image\":{\"@type\":\"ImageObject\",\"inLanguage\":\"it-IT\",\"@id\":\"https:\/\/www.hcbfoxesacademy.org\/it\/#\/schema\/person\/image\/\",\"url\":\"https:\/\/secure.gravatar.com\/avatar\/d1e2da185cf7f11ee8610ce510c74750?s=96&d=mm&r=g\",\"contentUrl\":\"https:\/\/secure.gravatar.com\/avatar\/d1e2da185cf7f11ee8610ce510c74750?s=96&d=mm&r=g\",\"caption\":\"Luca Tommasini\"},\"url\":\"https:\/\/www.hcbfoxesacademy.org\"}]}<\/script>\n<!-- \/ Yoast SEO plugin. -->","yoast_head_json":{"title":"La neonata HC Bolzano-Trento pronta a partire nel campionato di IHL Division 1 - HCB Foxes Academy","robots":{"index":"index","follow":"follow","max-snippet":"max-snippet:-1","max-image-preview":"max-image-preview:large","max-video-preview":"max-video-preview:-1"},"canonical":"https:\/\/www.hcbfoxesacademy.org\/it\/la-neonata-hc-bolzano-trento-pronta-a-partire-nel-campionato-di-ihl-division-1\/","og_locale":"it_IT","og_type":"article","og_title":"La neonata HC Bolzano-Trento pronta a partire nel campionato di IHL Division 1 - HCB Foxes Academy","og_description":"Mancano mai pochi giorni all\u2019inizio di una nuova avventura. L\u2019HC Bolzano-Trento, squadra nata da una collaborazione tra HCB Foxes Academy e Hockey Club Trento, \u00e8 ai blocchi di partenza del campionato di IHL Division 1. La compagine \u201cunica\u201d \u00e8 iscritta anche al campionato di U19. La truppa guidata da coach Fabio Larcher far\u00e0 il suo [&hellip;]","og_url":"https:\/\/www.hcbfoxesacademy.org\/it\/la-neonata-hc-bolzano-trento-pronta-a-partire-nel-campionato-di-ihl-division-1\/","og_site_name":"HCB Foxes Academy","article_published_time":"2020-09-30T15:55:33+00:00","og_image":[{"width":2560,"height":1707,"url":"https:\/\/www.hcbfoxesacademy.org\/wp-content\/uploads\/2020\/09\/dsc02741-scaled.jpg","type":"image\/jpeg"}],"author":"Luca Tommasini","twitter_card":"summary_large_image","twitter_misc":{"Written by":"Luca Tommasini","Est. reading time":"3 minutes"},"schema":{"@context":"https:\/\/schema.org","@graph":[{"@type":"Article","@id":"https:\/\/www.hcbfoxesacademy.org\/it\/la-neonata-hc-bolzano-trento-pronta-a-partire-nel-campionato-di-ihl-division-1\/#article","isPartOf":{"@id":"https:\/\/www.hcbfoxesacademy.org\/it\/la-neonata-hc-bolzano-trento-pronta-a-partire-nel-campionato-di-ihl-division-1\/"},"author":{"name":"Luca Tommasini","@id":"https:\/\/www.hcbfoxesacademy.org\/it\/#\/schema\/person\/3a074ac163406f25c6ac99370750d2c2"},"headline":"La neonata HC Bolzano-Trento pronta a partire nel campionato di IHL Division 1","datePublished":"2020-09-30T15:55:33+00:00","dateModified":"2020-09-30T15:55:33+00:00","mainEntityOfPage":{"@id":"https:\/\/www.hcbfoxesacademy.org\/it\/la-neonata-hc-bolzano-trento-pronta-a-partire-nel-campionato-di-ihl-division-1\/"},"wordCount":684,"publisher":{"@id":"https:\/\/www.hcbfoxesacademy.org\/it\/#organization"},"image":{"@id":"https:\/\/www.hcbfoxesacademy.org\/it\/la-neonata-hc-bolzano-trento-pronta-a-partire-nel-campionato-di-ihl-division-1\/#primaryimage"},"thumbnailUrl":"https:\/\/img.wunderfarm.cloud\/134880438c3d4d5e\/2020\/09\/1549\/c\/fit-in\/0x0\/filters:no_upscale()\/filters:strip_exif()\/dsc02741-scaled.jpg","articleSection":["Non categorizzato"],"inLanguage":"it-IT"},{"@type":"WebPage","@id":"https:\/\/www.hcbfoxesacademy.org\/it\/la-neonata-hc-bolzano-trento-pronta-a-partire-nel-campionato-di-ihl-division-1\/","url":"https:\/\/www.hcbfoxesacademy.org\/it\/la-neonata-hc-bolzano-trento-pronta-a-partire-nel-campionato-di-ihl-division-1\/","name":"La neonata HC Bolzano-Trento pronta a partire nel campionato di IHL Division 1 - HCB Foxes Academy","isPartOf":{"@id":"https:\/\/www.hcbfoxesacademy.org\/it\/#website"},"primaryImageOfPage":{"@id":"https:\/\/www.hcbfoxesacademy.org\/it\/la-neonata-hc-bolzano-trento-pronta-a-partire-nel-campionato-di-ihl-division-1\/#primaryimage"},"image":{"@id":"https:\/\/www.hcbfoxesacademy.org\/it\/la-neonata-hc-bolzano-trento-pronta-a-partire-nel-campionato-di-ihl-division-1\/#primaryimage"},"thumbnailUrl":"https:\/\/img.wunderfarm.cloud\/134880438c3d4d5e\/2020\/09\/1549\/c\/fit-in\/0x0\/filters:no_upscale()\/filters:strip_exif()\/dsc02741-scaled.jpg","datePublished":"2020-09-30T15:55:33+00:00","dateModified":"2020-09-30T15:55:33+00:00","breadcrumb":{"@id":"https:\/\/www.hcbfoxesacademy.org\/it\/la-neonata-hc-bolzano-trento-pronta-a-partire-nel-campionato-di-ihl-division-1\/#breadcrumb"},"inLanguage":"it-IT","potentialAction":[{"@type":"ReadAction","target":["https:\/\/www.hcbfoxesacademy.org\/it\/la-neonata-hc-bolzano-trento-pronta-a-partire-nel-campionato-di-ihl-division-1\/"]}]},{"@type":"ImageObject","inLanguage":"it-IT","@id":"https:\/\/www.hcbfoxesacademy.org\/it\/la-neonata-hc-bolzano-trento-pronta-a-partire-nel-campionato-di-ihl-division-1\/#primaryimage","url":"https:\/\/img.wunderfarm.cloud\/134880438c3d4d5e\/2020\/09\/1549\/c\/fit-in\/0x0\/filters:no_upscale()\/filters:strip_exif()\/dsc02741-scaled.jpg","contentUrl":"https:\/\/img.wunderfarm.cloud\/134880438c3d4d5e\/2020\/09\/1549\/c\/fit-in\/0x0\/filters:no_upscale()\/filters:strip_exif()\/dsc02741-scaled.jpg","width":2560,"height":1707},{"@type":"BreadcrumbList","@id":"https:\/\/www.hcbfoxesacademy.org\/it\/la-neonata-hc-bolzano-trento-pronta-a-partire-nel-campionato-di-ihl-division-1\/#breadcrumb","itemListElement":[{"@type":"ListItem","position":1,"name":"Home","item":"https:\/\/www.hcbfoxesacademy.org\/it\/"},{"@type":"ListItem","position":2,"name":"La neonata HC Bolzano-Trento pronta a partire nel campionato di IHL Division 1"}]},{"@type":"WebSite","@id":"https:\/\/www.hcbfoxesacademy.org\/it\/#website","url":"https:\/\/www.hcbfoxesacademy.org\/it\/","name":"HCB Foxes Academy","description":"HCB foxes academy","publisher":{"@id":"https:\/\/www.hcbfoxesacademy.org\/it\/#organization"},"potentialAction":[{"@type":"SearchAction","target":{"@type":"EntryPoint","urlTemplate":"https:\/\/www.hcbfoxesacademy.org\/it\/?s={search_term_string}"},"query-input":"required name=search_term_string"}],"inLanguage":"it-IT"},{"@type":"Organization","@id":"https:\/\/www.hcbfoxesacademy.org\/it\/#organization","name":"HCB Foxes Academy","url":"https:\/\/www.hcbfoxesacademy.org\/it\/","logo":{"@type":"ImageObject","inLanguage":"it-IT","@id":"https:\/\/www.hcbfoxesacademy.org\/it\/#\/schema\/logo\/image\/","url":"https:\/\/img.wunderfarm.cloud\/134880438c3d4d5e\/2019\/08\/13\/c\/0x0\/filters:no_upscale()\/filters:strip_exif()\/logo-academy-2019.svg","contentUrl":"https:\/\/img.wunderfarm.cloud\/134880438c3d4d5e\/2019\/08\/13\/c\/0x0\/filters:no_upscale()\/filters:strip_exif()\/logo-academy-2019.svg","caption":"HCB Foxes Academy"},"image":{"@id":"https:\/\/www.hcbfoxesacademy.org\/it\/#\/schema\/logo\/image\/"}},{"@type":"Person","@id":"https:\/\/www.hcbfoxesacademy.org\/it\/#\/schema\/person\/3a074ac163406f25c6ac99370750d2c2","name":"Luca Tommasini","image":{"@type":"ImageObject","inLanguage":"it-IT","@id":"https:\/\/www.hcbfoxesacademy.org\/it\/#\/schema\/person\/image\/","url":"https:\/\/secure.gravatar.com\/avatar\/d1e2da185cf7f11ee8610ce510c74750?s=96&d=mm&r=g","contentUrl":"https:\/\/secure.gravatar.com\/avatar\/d1e2da185cf7f11ee8610ce510c74750?s=96&d=mm&r=g","caption":"Luca Tommasini"},"url":"https:\/\/www.hcbfoxesacademy.org"}]}},"_links":{"self":[{"href":"https:\/\/www.hcbfoxesacademy.org\/it\/wp-json\/wp\/v2\/posts\/1548"}],"collection":[{"href":"https:\/\/www.hcbfoxesacademy.org\/it\/wp-json\/wp\/v2\/posts"}],"about":[{"href":"https:\/\/www.hcbfoxesacademy.org\/it\/wp-json\/wp\/v2\/types\/post"}],"author":[{"embeddable":true,"href":"https:\/\/www.hcbfoxesacademy.org\/it\/wp-json\/wp\/v2\/users\/2"}],"replies":[{"embeddable":true,"href":"https:\/\/www.hcbfoxesacademy.org\/it\/wp-json\/wp\/v2\/comments?post=1548"}],"version-history":[{"count":1,"href":"https:\/\/www.hcbfoxesacademy.org\/it\/wp-json\/wp\/v2\/posts\/1548\/revisions"}],"predecessor-version":[{"id":1551,"href":"https:\/\/www.hcbfoxesacademy.org\/it\/wp-json\/wp\/v2\/posts\/1548\/revisions\/1551"}],"wp:featuredmedia":[{"embeddable":true,"href":"https:\/\/www.hcbfoxesacademy.org\/it\/wp-json\/wp\/v2\/media\/1549"}],"wp:attachment":[{"href":"https:\/\/www.hcbfoxesacademy.org\/it\/wp-json\/wp\/v2\/media?parent=1548"}],"wp:term":[{"taxonomy":"category","embeddable":true,"href":"https:\/\/www.hcbfoxesacademy.org\/it\/wp-json\/wp\/v2\/categories?post=1548"},{"taxonomy":"post_tag","embeddable":true,"href":"https:\/\/www.hcbfoxesacademy.org\/it\/wp-json\/wp\/v2\/tags?post=1548"}],"curies":[{"name":"wp","href":"https:\/\/api.w.org\/{rel}","templated":true}]}}